{"id":842,"date":"2023-01-17T16:30:46","date_gmt":"2023-01-17T15:30:46","guid":{"rendered":"https:\/\/osinumterritoires.fr\/?p=842"},"modified":"2023-06-20T17:49:56","modified_gmt":"2023-06-20T15:49:56","slug":"journee-numerique-et-territoires","status":"publish","type":"post","link":"https:\/\/osinumterritoires.fr\/journee-numerique-et-territoires\/","title":{"rendered":"Journ\u00e9e \u00ab\u00a0Num\u00e9rique et Territoires\u00a0\u00bb"},"content":{"rendered":"\n<p>Le 18 janvier 2023 \u00e0 Paris se tiendra la journ\u00e9e Num\u00e9rique et Territoires organis\u00e9e par la DINUM, la DITP et l&rsquo;ANCT. L&rsquo;\u00e9v\u00e9nement convie tous les agents en charge de la transformation num\u00e9rique de leur collectivit\u00e9 \u00e0 venir \u00e9couter les tables rondes, se rencontrer entre pairs et avec les acteurs du secteur. L&rsquo;\u00c9tat vient surtout pr\u00e9senter les projets num\u00e9riques qu&rsquo;il finance dans le cadre du plan France Relance, entam\u00e9 en janvier 2021. Le ministre de la Transformation et de la Fonction Publique Stanislas Gu\u00e9rini s&rsquo;exprimera en cette occasion. <\/p>\n\n\n\n<p>Le programme en int\u00e9gralit\u00e9 \u00e0 retrouver ici \u27a1\ufe0f <a href=\"https:\/\/www.numerique.gouv.fr\/agenda\/journee-numerique-territoires\/\" target=\"_blank\" rel=\"noreferrer noopener\">https:\/\/www.numerique.gouv.fr\/agenda\/journee-numerique-territoires\/<\/a><\/p>\n\n\n\n<p><\/p>\n","protected":false},"excerpt":{"rendered":"<p>Le 18 janvier 2023 \u00e0 Paris se tiendra la journ\u00e9e Num\u00e9rique et Territoires organis\u00e9e par la DINUM, la DITP et l&rsquo;ANCT. L&rsquo;\u00e9v\u00e9nement&#8230;<\/p>\n","protected":false},"author":9,"featured_media":1468,"comment_status":"closed","ping_status":"closed","sticky":false,"template":"","format":"standard","meta":{"_acf_changed":false,"_seopress_robots_primary_cat":"none","_seopress_titles_title":"","_seopress_titles_desc":"","_seopress_robots_index":"","inline_featured_image":false,"footnotes":""},"categories":[1],"tags":[],"class_list":["post-842","post","type-post","status-publish","format-standard","has-post-thumbnail","hentry","category-general"],"acf":[],"_links":{"self":[{"href":"https:\/\/osinumterritoires.fr\/api\/wp\/v2\/posts\/842","targetHints":{"allow":["GET"]}}],"collection":[{"href":"https:\/\/osinumterritoires.fr\/api\/wp\/v2\/posts"}],"about":[{"href":"https:\/\/osinumterritoires.fr\/api\/wp\/v2\/types\/post"}],"author":[{"embeddable":true,"href":"https:\/\/osinumterritoires.fr\/api\/wp\/v2\/users\/9"}],"replies":[{"embeddable":true,"href":"https:\/\/osinumterritoires.fr\/api\/wp\/v2\/comments?post=842"}],"version-history":[{"count":2,"href":"https:\/\/osinumterritoires.fr\/api\/wp\/v2\/posts\/842\/revisions"}],"predecessor-version":[{"id":848,"href":"https:\/\/osinumterritoires.fr\/api\/wp\/v2\/posts\/842\/revisions\/848"}],"wp:featuredmedia":[{"embeddable":true,"href":"https:\/\/osinumterritoires.fr\/api\/wp\/v2\/media\/1468"}],"wp:attachment":[{"href":"https:\/\/osinumterritoires.fr\/api\/wp\/v2\/media?parent=842"}],"wp:term":[{"taxonomy":"category","embeddable":true,"href":"https:\/\/osinumterritoires.fr\/api\/wp\/v2\/categories?post=842"},{"taxonomy":"post_tag","embeddable":true,"href":"https:\/\/osinumterritoires.fr\/api\/wp\/v2\/tags?post=842"}],"curies":[{"name":"wp","href":"https:\/\/api.w.org\/{rel}","templated":true}]}}