{"id":1425,"date":"2023-05-22T17:45:54","date_gmt":"2023-05-22T15:45:54","guid":{"rendered":"https:\/\/osinumterritoires.fr\/?p=1425"},"modified":"2023-06-20T17:33:20","modified_gmt":"2023-06-20T15:33:20","slug":"anctour-atelier-sur-le-choix-dun-outil-numerique-sur-mesure","status":"publish","type":"post","link":"https:\/\/osinumterritoires.fr\/anctour-atelier-sur-le-choix-dun-outil-numerique-sur-mesure\/","title":{"rendered":"ANCTour &#8211; Atelier sur le choix d&rsquo;un outil num\u00e9rique sur mesure &#8211; 23 mai 2023"},"content":{"rendered":"\n<p>L&rsquo;\u00e9quipe sera pr\u00e9sente au village \u00ab Acc\u00e8s au num\u00e9rique \u00bb : Infrastructures, inclusion, cybers\u00e9curit\u00e9, outils num\u00e9riques sur mesure, tiers-lieux, open data, gouvernance des donn\u00e9es, num\u00e9rique durable&#8230; des solutions concr\u00e8tes pour les collectivit\u00e9s territoriales.<br><br>\ud83d\udcf2 INCUBATEUR DES TERRITOIRES : Comment l\u2019Incubateur des territoires accompagne les collectivit\u00e9s territoriales dans le choix d\u2019un outil num\u00e9rique sur-mesure ? avec <a href=\"https:\/\/www.linkedin.com\/in\/ACoAAApTRYoBVunIa_7yuMUd7_c0lWxNq2fdqys\">Lokman Benchadi<\/a>, <a href=\"https:\/\/www.linkedin.com\/in\/ACoAABbcjVoB6K0r9HlcbZQUaE93C1s1ejOm0S4\">Lysiane Lagadic<\/a> et <a href=\"https:\/\/www.linkedin.com\/in\/ACoAAAMOrZkBkTgTwXSIw6kd6eUj_zWBlqeSBRY\">Fabienne Guib\u00e9<\/a> pour pr\u00e9senter <a href=\"https:\/\/www.linkedin.com\/company\/osinum-territoires\/\">Osinum Territoires<\/a> \u00e0 l\u2019agora 2 de 15h \u00e0 15h45.<\/p>\n\n\n\n<p>\ud83d\udcf2 Vous voulez en savoir plus :<br>1\ufe0f\u20e3 Notre webinaire RGPD pour les collectivit\u00e9s avec <a href=\"https:\/\/www.linkedin.com\/company\/inniz\/\">INNIZ<\/a><br>2\ufe0f\u20e3 Notre outil d&rsquo;autodiagnostic, c&rsquo;est le moment de le faire ensemble \ud83d\udca1<br>3\ufe0f\u20e3 Notre solution d&rsquo;assistance \u00e0 ma\u00eetrise d&rsquo;usage avec notre offre Osinum.<\/p>\n\n\n\n<p><br>On se rencontre, contactez-nous : <a href=\"mailto:contact@osinumterritoires.fr\">contact@osinumterritoires.fr<\/a><\/p>\n\n\n\n<p class=\"has-text-align-center\"><strong>S&rsquo;inscrire \u00e0 l&rsquo;ANCTour <\/strong><\/p>\n","protected":false},"excerpt":{"rendered":"<p>L&rsquo;\u00e9quipe sera pr\u00e9sente au village \u00ab Acc\u00e8s au num\u00e9rique \u00bb : Infrastructures, inclusion, cybers\u00e9curit\u00e9, outils num\u00e9riques sur mesure, tiers-lieux, open data, gouvernance&#8230;<\/p>\n","protected":false},"author":7,"featured_media":1462,"comment_status":"closed","ping_status":"closed","sticky":false,"template":"","format":"standard","meta":{"_acf_changed":false,"_seopress_robots_primary_cat":"none","_seopress_titles_title":"","_seopress_titles_desc":"","_seopress_robots_index":"","inline_featured_image":false,"footnotes":""},"categories":[1],"tags":[],"class_list":["post-1425","post","type-post","status-publish","format-standard","has-post-thumbnail","hentry","category-general"],"acf":[],"_links":{"self":[{"href":"https:\/\/osinumterritoires.fr\/api\/wp\/v2\/posts\/1425","targetHints":{"allow":["GET"]}}],"collection":[{"href":"https:\/\/osinumterritoires.fr\/api\/wp\/v2\/posts"}],"about":[{"href":"https:\/\/osinumterritoires.fr\/api\/wp\/v2\/types\/post"}],"author":[{"embeddable":true,"href":"https:\/\/osinumterritoires.fr\/api\/wp\/v2\/users\/7"}],"replies":[{"embeddable":true,"href":"https:\/\/osinumterritoires.fr\/api\/wp\/v2\/comments?post=1425"}],"version-history":[{"count":5,"href":"https:\/\/osinumterritoires.fr\/api\/wp\/v2\/posts\/1425\/revisions"}],"predecessor-version":[{"id":1433,"href":"https:\/\/osinumterritoires.fr\/api\/wp\/v2\/posts\/1425\/revisions\/1433"}],"wp:featuredmedia":[{"embeddable":true,"href":"https:\/\/osinumterritoires.fr\/api\/wp\/v2\/media\/1462"}],"wp:attachment":[{"href":"https:\/\/osinumterritoires.fr\/api\/wp\/v2\/media?parent=1425"}],"wp:term":[{"taxonomy":"category","embeddable":true,"href":"https:\/\/osinumterritoires.fr\/api\/wp\/v2\/categories?post=1425"},{"taxonomy":"post_tag","embeddable":true,"href":"https:\/\/osinumterritoires.fr\/api\/wp\/v2\/tags?post=1425"}],"curies":[{"name":"wp","href":"https:\/\/api.w.org\/{rel}","templated":true}]}}