{"id":1244,"date":"2023-03-23T09:55:40","date_gmt":"2023-03-23T08:55:40","guid":{"rendered":"https:\/\/osinumterritoires.fr\/?p=1244"},"modified":"2023-03-23T10:40:59","modified_gmt":"2023-03-23T09:40:59","slug":"osinum-territoires-publie-son-panorama-des-usages-et-des-besoins-numeriques-des-collectivites-territoriales","status":"publish","type":"post","link":"https:\/\/osinumterritoires.fr\/osinum-territoires-publie-son-panorama-des-usages-et-des-besoins-numeriques-des-collectivites-territoriales\/","title":{"rendered":"OSINUM Territoires publie son panorama des usages et des besoins num\u00e9riques des collectivit\u00e9s territoriales"},"content":{"rendered":"\n<p>La plateforme OSINUM Territoires propose un outil d&rsquo;autodiagnostic num\u00e9rique pour permettre aux agents et \u00e9lus des petites collectivit\u00e9s de faire le point sur leurs usages et pratiques num\u00e9riques professionnelles. L&rsquo;\u00e9tude r\u00e9alis\u00e9e par l&rsquo;\u00e9quipe, avec le concours le l&rsquo;incubateur de l&rsquo;ANCT, est une photographie des usages actuels des collectivit\u00e9s qui permet de dresser un diagnostic \u00e0 plus grande \u00e9chelle. Les r\u00e9sultats de l&rsquo;\u00e9tude confirment la n\u00e9cessit\u00e9 d&rsquo;un accompagnement et d&rsquo;un bilan des usages pour les collectivit\u00e9s, souvent trop livr\u00e9es \u00e0 elles-m\u00eames, avec peu de moyens.<\/p>\n\n\n\n<p>Lire et t\u00e9l\u00e9chargez la synth\u00e8se ici,  consultez les donn\u00e9es en open data <a rel=\"noreferrer noopener\" href=\"https:\/\/www.data.gouv.fr\/fr\/datasets\/enquete-num-enquete-nationale-sur-les-usages-numeriques-des-collectivites-territoriales\/\" target=\"_blank\">en cliquant sur ce lien <\/a><\/p>\n\n\n\n<div data-wp-interactive=\"core\/file\" class=\"wp-block-file\"><object data-wp-bind--hidden=\"!state.hasPdfPreview\" hidden class=\"wp-block-file__embed\" data=\"https:\/\/osinumterritoires.fr\/wp-content\/uploads\/2023\/03\/panorama-usages-besoins-numeriques-collectivites-osinumterritoires.pdf\" type=\"application\/pdf\" style=\"width:100%;height:600px\" aria-label=\"Contenu embarqu\u00e9 panorama-usages-besoins-numeriques-collectivites-osinumterritoires.\"><\/object><a id=\"wp-block-file--media-b3e2f4ef-9a41-4d67-9875-a8c5d7434e1a\" href=\"https:\/\/osinumterritoires.fr\/wp-content\/uploads\/2023\/03\/panorama-usages-besoins-numeriques-collectivites-osinumterritoires.pdf\">panorama-usages-besoins-numeriques-collectivites-osinumterritoires<\/a><a href=\"https:\/\/osinumterritoires.fr\/wp-content\/uploads\/2023\/03\/panorama-usages-besoins-numeriques-collectivites-osinumterritoires.pdf\" class=\"wp-block-file__button wp-element-button\" download aria-describedby=\"wp-block-file--media-b3e2f4ef-9a41-4d67-9875-a8c5d7434e1a\">T\u00e9l\u00e9charger<\/a><\/div>\n","protected":false},"excerpt":{"rendered":"<p>La plateforme OSINUM Territoires propose un outil d&rsquo;autodiagnostic num\u00e9rique pour permettre aux agents et \u00e9lus des petites collectivit\u00e9s de faire le point&#8230;<\/p>\n","protected":false},"author":9,"featured_media":1247,"comment_status":"closed","ping_status":"closed","sticky":false,"template":"","format":"standard","meta":{"_acf_changed":false,"_seopress_robots_primary_cat":"none","_seopress_titles_title":"","_seopress_titles_desc":"","_seopress_robots_index":"","inline_featured_image":false,"footnotes":""},"categories":[1],"tags":[],"class_list":["post-1244","post","type-post","status-publish","format-standard","has-post-thumbnail","hentry","category-general"],"acf":[],"_links":{"self":[{"href":"https:\/\/osinumterritoires.fr\/api\/wp\/v2\/posts\/1244","targetHints":{"allow":["GET"]}}],"collection":[{"href":"https:\/\/osinumterritoires.fr\/api\/wp\/v2\/posts"}],"about":[{"href":"https:\/\/osinumterritoires.fr\/api\/wp\/v2\/types\/post"}],"author":[{"embeddable":true,"href":"https:\/\/osinumterritoires.fr\/api\/wp\/v2\/users\/9"}],"replies":[{"embeddable":true,"href":"https:\/\/osinumterritoires.fr\/api\/wp\/v2\/comments?post=1244"}],"version-history":[{"count":7,"href":"https:\/\/osinumterritoires.fr\/api\/wp\/v2\/posts\/1244\/revisions"}],"predecessor-version":[{"id":1258,"href":"https:\/\/osinumterritoires.fr\/api\/wp\/v2\/posts\/1244\/revisions\/1258"}],"wp:featuredmedia":[{"embeddable":true,"href":"https:\/\/osinumterritoires.fr\/api\/wp\/v2\/media\/1247"}],"wp:attachment":[{"href":"https:\/\/osinumterritoires.fr\/api\/wp\/v2\/media?parent=1244"}],"wp:term":[{"taxonomy":"category","embeddable":true,"href":"https:\/\/osinumterritoires.fr\/api\/wp\/v2\/categories?post=1244"},{"taxonomy":"post_tag","embeddable":true,"href":"https:\/\/osinumterritoires.fr\/api\/wp\/v2\/tags?post=1244"}],"curies":[{"name":"wp","href":"https:\/\/api.w.org\/{rel}","templated":true}]}}